{"id":908,"date":"2013-01-13T16:12:49","date_gmt":"2013-01-13T15:12:49","guid":{"rendered":"http:\/\/heimatverein-wehrstedt.de\/wp\/?p=908"},"modified":"2013-02-02T16:58:45","modified_gmt":"2013-02-02T15:58:45","slug":"kulinarische-reise-durch%c2%b4s-landle","status":"publish","type":"post","link":"http:\/\/heimatverein-wehrstedt.de\/wp\/?p=908","title":{"rendered":"Kulinarische Reise durch\u00b4s L\u00e4ndle"},"content":{"rendered":"<p style=\"text-align: justify;\"><span style=\"color: #000000;\"><a href=\"http:\/\/heimatverein-wehrstedt.de\/wp\/?attachment_id=909\" rel=\"attachment wp-att-909\"><span style=\"color: #000000;\"><img loading=\"lazy\" decoding=\"async\" class=\"alignleft size-medium wp-image-909\" title=\"Bildquelle: Albrecht E. Arnold \" alt=\"237172_web_R_K_B_by_Albrecht E. Arnold_pixelio.de\" src=\"http:\/\/heimatverein-wehrstedt.de\/wp\/wp-content\/uploads\/2013\/01\/237172_web_R_K_B_by_Albrecht-E.-Arnold_pixelio.de_-300x281.jpg\" width=\"300\" height=\"281\" srcset=\"http:\/\/heimatverein-wehrstedt.de\/wp\/wp-content\/uploads\/2013\/01\/237172_web_R_K_B_by_Albrecht-E.-Arnold_pixelio.de_-300x281.jpg 300w, http:\/\/heimatverein-wehrstedt.de\/wp\/wp-content\/uploads\/2013\/01\/237172_web_R_K_B_by_Albrecht-E.-Arnold_pixelio.de_.jpg 400w\" sizes=\"auto, (max-width: 300px) 100vw, 300px\" \/><\/span><\/a>Es ist wieder soweit! <\/span><br \/>\n<span style=\"color: #000000;\"> Gemeinsam wollen wir wieder kochen, essen &amp; genie\u00dfen und dort ankn\u00fcpfen wo wir das letzte Jahr aufgeh\u00f6rt haben.<\/span><br \/>\n<span style=\"color: #000000;\"> Diesmal wollen wir uns auf eine Reise durchs Schwaben L\u00e4ndle aufmachen und die kulinarischen Geschm\u00e4ckle kennenlernen. Dies ist der Auftakt von insgesamt vier Region\u00b4s &amp; Geschmacks Reisen durch Deutschland.<\/span><\/p>\n<p><span style=\"color: #000000;\"> Auf dem Speiseplan stehen:<\/span><\/p>\n<ul>\n<li><span style=\"color: #000000;\">Vegetarische Fl\u00e4dlesupp<\/span><\/li>\n<li><span style=\"color: #000000;\">K\u00e4sesp\u00e4tzle dazu Endiviensalat<\/span><\/li>\n<li><span style=\"color: #000000;\">Mit Lachs gef\u00fcllte Maultaschen in einer Kren-Lauchso\u00dfe<\/span><\/li>\n<li><span style=\"color: #000000;\">Kn\u00f6pfle in Kirschenkompott und Vanilleso\u00dfe<\/span><\/li>\n<\/ul>\n<p>&nbsp;<\/p>\n<h6>Bildquelle: <a href=\"http:\/\/www.pixelio.de\/media\/237172#\">Albrecht E. Arnold<\/a><\/h6>\n<p><div id='gallery-1' class='gallery galleryid-908 gallery-columns-3 gallery-size-thumbnail'><figure class='gallery-item'>\n\t\t\t<div class='gallery-icon landscape'>\n\t\t\t\t<a href='http:\/\/heimatverein-wehrstedt.de\/wp\/?attachment_id=960'><img loading=\"lazy\" decoding=\"async\" width=\"141\" height=\"141\" src=\"http:\/\/heimatverein-wehrstedt.de\/wp\/wp-content\/uploads\/2013\/01\/IMG_4856-150x150.jpg\" class=\"attachment-thumbnail size-thumbnail\" alt=\"\" \/><\/a>\n\t\t\t<\/div><\/figure><figure class='gallery-item'>\n\t\t\t<div class='gallery-icon landscape'>\n\t\t\t\t<a href='http:\/\/heimatverein-wehrstedt.de\/wp\/?attachment_id=932'><img loading=\"lazy\" decoding=\"async\" width=\"141\" height=\"141\" src=\"http:\/\/heimatverein-wehrstedt.de\/wp\/wp-content\/uploads\/2013\/01\/IMG_4857-150x150.jpg\" class=\"attachment-thumbnail size-thumbnail\" alt=\"\" \/><\/a>\n\t\t\t<\/div><\/figure><figure class='gallery-item'>\n\t\t\t<div class='gallery-icon landscape'>\n\t\t\t\t<a href='http:\/\/heimatverein-wehrstedt.de\/wp\/?attachment_id=959'><img loading=\"lazy\" decoding=\"async\" width=\"141\" height=\"141\" src=\"http:\/\/heimatverein-wehrstedt.de\/wp\/wp-content\/uploads\/2013\/01\/IMG_4855-150x150.jpg\" class=\"attachment-thumbnail size-thumbnail\" alt=\"\" \/><\/a>\n\t\t\t<\/div><\/figure><figure class='gallery-item'>\n\t\t\t<div class='gallery-icon landscape'>\n\t\t\t\t<a href='http:\/\/heimatverein-wehrstedt.de\/wp\/?attachment_id=958'><img loading=\"lazy\" decoding=\"async\" width=\"141\" height=\"141\" src=\"http:\/\/heimatverein-wehrstedt.de\/wp\/wp-content\/uploads\/2013\/01\/IMG_4853-150x150.jpg\" class=\"attachment-thumbnail size-thumbnail\" alt=\"\" \/><\/a>\n\t\t\t<\/div><\/figure><figure class='gallery-item'>\n\t\t\t<div class='gallery-icon landscape'>\n\t\t\t\t<a href='http:\/\/heimatverein-wehrstedt.de\/wp\/?attachment_id=957'><img loading=\"lazy\" decoding=\"async\" width=\"141\" height=\"141\" src=\"http:\/\/heimatverein-wehrstedt.de\/wp\/wp-content\/uploads\/2013\/01\/IMG_4852-150x150.jpg\" class=\"attachment-thumbnail size-thumbnail\" alt=\"\" \/><\/a>\n\t\t\t<\/div><\/figure><figure class='gallery-item'>\n\t\t\t<div class='gallery-icon landscape'>\n\t\t\t\t<a href='http:\/\/heimatverein-wehrstedt.de\/wp\/?attachment_id=956'><img loading=\"lazy\" decoding=\"async\" width=\"141\" height=\"141\" src=\"http:\/\/heimatverein-wehrstedt.de\/wp\/wp-content\/uploads\/2013\/01\/IMG_4851-150x150.jpg\" class=\"attachment-thumbnail size-thumbnail\" alt=\"\" \/><\/a>\n\t\t\t<\/div><\/figure><figure class='gallery-item'>\n\t\t\t<div class='gallery-icon landscape'>\n\t\t\t\t<a href='http:\/\/heimatverein-wehrstedt.de\/wp\/?attachment_id=955'><img loading=\"lazy\" decoding=\"async\" width=\"141\" height=\"141\" src=\"http:\/\/heimatverein-wehrstedt.de\/wp\/wp-content\/uploads\/2013\/01\/IMG_4849-150x150.jpg\" class=\"attachment-thumbnail size-thumbnail\" alt=\"\" \/><\/a>\n\t\t\t<\/div><\/figure><figure class='gallery-item'>\n\t\t\t<div class='gallery-icon landscape'>\n\t\t\t\t<a href='http:\/\/heimatverein-wehrstedt.de\/wp\/?attachment_id=954'><img loading=\"lazy\" decoding=\"async\" width=\"141\" height=\"141\" src=\"http:\/\/heimatverein-wehrstedt.de\/wp\/wp-content\/uploads\/2013\/01\/IMG_4848-150x150.jpg\" class=\"attachment-thumbnail size-thumbnail\" alt=\"\" \/><\/a>\n\t\t\t<\/div><\/figure><figure class='gallery-item'>\n\t\t\t<div class='gallery-icon landscape'>\n\t\t\t\t<a href='http:\/\/heimatverein-wehrstedt.de\/wp\/?attachment_id=948'><img loading=\"lazy\" decoding=\"async\" width=\"141\" height=\"141\" src=\"http:\/\/heimatverein-wehrstedt.de\/wp\/wp-content\/uploads\/2013\/01\/IMG_4884-150x150.jpg\" class=\"attachment-thumbnail size-thumbnail\" alt=\"\" \/><\/a>\n\t\t\t<\/div><\/figure><figure class='gallery-item'>\n\t\t\t<div class='gallery-icon portrait'>\n\t\t\t\t<a href='http:\/\/heimatverein-wehrstedt.de\/wp\/?attachment_id=947'><img loading=\"lazy\" decoding=\"async\" width=\"141\" height=\"141\" src=\"http:\/\/heimatverein-wehrstedt.de\/wp\/wp-content\/uploads\/2013\/01\/IMG_4882-150x150.jpg\" class=\"attachment-thumbnail size-thumbnail\" alt=\"\" \/><\/a>\n\t\t\t<\/div><\/figure><figure class='gallery-item'>\n\t\t\t<div class='gallery-icon portrait'>\n\t\t\t\t<a href='http:\/\/heimatverein-wehrstedt.de\/wp\/?attachment_id=946'><img loading=\"lazy\" decoding=\"async\" width=\"141\" height=\"141\" src=\"http:\/\/heimatverein-wehrstedt.de\/wp\/wp-content\/uploads\/2013\/01\/IMG_4881-150x150.jpg\" class=\"attachment-thumbnail size-thumbnail\" alt=\"\" \/><\/a>\n\t\t\t<\/div><\/figure><figure class='gallery-item'>\n\t\t\t<div class='gallery-icon landscape'>\n\t\t\t\t<a href='http:\/\/heimatverein-wehrstedt.de\/wp\/?attachment_id=945'><img loading=\"lazy\" decoding=\"async\" width=\"141\" height=\"141\" src=\"http:\/\/heimatverein-wehrstedt.de\/wp\/wp-content\/uploads\/2013\/01\/IMG_4880-150x150.jpg\" class=\"attachment-thumbnail size-thumbnail\" alt=\"\" \/><\/a>\n\t\t\t<\/div><\/figure><figure class='gallery-item'>\n\t\t\t<div class='gallery-icon landscape'>\n\t\t\t\t<a href='http:\/\/heimatverein-wehrstedt.de\/wp\/?attachment_id=944'><img loading=\"lazy\" decoding=\"async\" width=\"141\" height=\"141\" src=\"http:\/\/heimatverein-wehrstedt.de\/wp\/wp-content\/uploads\/2013\/01\/IMG_4878-150x150.jpg\" class=\"attachment-thumbnail size-thumbnail\" alt=\"\" \/><\/a>\n\t\t\t<\/div><\/figure><figure class='gallery-item'>\n\t\t\t<div class='gallery-icon landscape'>\n\t\t\t\t<a href='http:\/\/heimatverein-wehrstedt.de\/wp\/?attachment_id=943'><img loading=\"lazy\" decoding=\"async\" width=\"141\" height=\"141\" src=\"http:\/\/heimatverein-wehrstedt.de\/wp\/wp-content\/uploads\/2013\/01\/IMG_4876-150x150.jpg\" class=\"attachment-thumbnail size-thumbnail\" alt=\"\" \/><\/a>\n\t\t\t<\/div><\/figure><figure class='gallery-item'>\n\t\t\t<div class='gallery-icon portrait'>\n\t\t\t\t<a href='http:\/\/heimatverein-wehrstedt.de\/wp\/?attachment_id=942'><img loading=\"lazy\" decoding=\"async\" width=\"141\" height=\"141\" src=\"http:\/\/heimatverein-wehrstedt.de\/wp\/wp-content\/uploads\/2013\/01\/IMG_4874-150x150.jpg\" class=\"attachment-thumbnail size-thumbnail\" alt=\"\" \/><\/a>\n\t\t\t<\/div><\/figure><figure class='gallery-item'>\n\t\t\t<div class='gallery-icon landscape'>\n\t\t\t\t<a href='http:\/\/heimatverein-wehrstedt.de\/wp\/?attachment_id=941'><img loading=\"lazy\" decoding=\"async\" width=\"141\" height=\"141\" src=\"http:\/\/heimatverein-wehrstedt.de\/wp\/wp-content\/uploads\/2013\/01\/IMG_4873-150x150.jpg\" class=\"attachment-thumbnail size-thumbnail\" alt=\"\" \/><\/a>\n\t\t\t<\/div><\/figure><figure class='gallery-item'>\n\t\t\t<div class='gallery-icon landscape'>\n\t\t\t\t<a href='http:\/\/heimatverein-wehrstedt.de\/wp\/?attachment_id=940'><img loading=\"lazy\" decoding=\"async\" width=\"141\" height=\"141\" src=\"http:\/\/heimatverein-wehrstedt.de\/wp\/wp-content\/uploads\/2013\/01\/IMG_4870-150x150.jpg\" class=\"attachment-thumbnail size-thumbnail\" alt=\"\" \/><\/a>\n\t\t\t<\/div><\/figure><figure class='gallery-item'>\n\t\t\t<div class='gallery-icon portrait'>\n\t\t\t\t<a href='http:\/\/heimatverein-wehrstedt.de\/wp\/?attachment_id=939'><img loading=\"lazy\" decoding=\"async\" width=\"141\" height=\"141\" src=\"http:\/\/heimatverein-wehrstedt.de\/wp\/wp-content\/uploads\/2013\/01\/IMG_4869-150x150.jpg\" class=\"attachment-thumbnail size-thumbnail\" alt=\"\" \/><\/a>\n\t\t\t<\/div><\/figure><figure class='gallery-item'>\n\t\t\t<div class='gallery-icon landscape'>\n\t\t\t\t<a href='http:\/\/heimatverein-wehrstedt.de\/wp\/?attachment_id=938'><img loading=\"lazy\" decoding=\"async\" width=\"141\" height=\"141\" src=\"http:\/\/heimatverein-wehrstedt.de\/wp\/wp-content\/uploads\/2013\/01\/IMG_4868-150x150.jpg\" class=\"attachment-thumbnail size-thumbnail\" alt=\"\" \/><\/a>\n\t\t\t<\/div><\/figure><figure class='gallery-item'>\n\t\t\t<div class='gallery-icon landscape'>\n\t\t\t\t<a href='http:\/\/heimatverein-wehrstedt.de\/wp\/?attachment_id=937'><img loading=\"lazy\" decoding=\"async\" width=\"141\" height=\"141\" src=\"http:\/\/heimatverein-wehrstedt.de\/wp\/wp-content\/uploads\/2013\/01\/IMG_4862-150x150.jpg\" class=\"attachment-thumbnail size-thumbnail\" alt=\"\" \/><\/a>\n\t\t\t<\/div><\/figure><figure class='gallery-item'>\n\t\t\t<div class='gallery-icon portrait'>\n\t\t\t\t<a href='http:\/\/heimatverein-wehrstedt.de\/wp\/?attachment_id=936'><img loading=\"lazy\" decoding=\"async\" width=\"141\" height=\"141\" src=\"http:\/\/heimatverein-wehrstedt.de\/wp\/wp-content\/uploads\/2013\/01\/IMG_4861-150x150.jpg\" class=\"attachment-thumbnail size-thumbnail\" alt=\"\" \/><\/a>\n\t\t\t<\/div><\/figure><figure class='gallery-item'>\n\t\t\t<div class='gallery-icon landscape'>\n\t\t\t\t<a href='http:\/\/heimatverein-wehrstedt.de\/wp\/?attachment_id=934'><img loading=\"lazy\" decoding=\"async\" width=\"141\" height=\"141\" src=\"http:\/\/heimatverein-wehrstedt.de\/wp\/wp-content\/uploads\/2013\/01\/IMG_4860-150x150.jpg\" class=\"attachment-thumbnail size-thumbnail\" alt=\"\" \/><\/a>\n\t\t\t<\/div><\/figure><figure class='gallery-item'>\n\t\t\t<div class='gallery-icon landscape'>\n\t\t\t\t<a href='http:\/\/heimatverein-wehrstedt.de\/wp\/?attachment_id=933'><img loading=\"lazy\" decoding=\"async\" width=\"141\" height=\"141\" src=\"http:\/\/heimatverein-wehrstedt.de\/wp\/wp-content\/uploads\/2013\/01\/IMG_4858-150x150.jpg\" class=\"attachment-thumbnail size-thumbnail\" alt=\"\" \/><\/a>\n\t\t\t<\/div><\/figure><figure class='gallery-item'>\n\t\t\t<div class='gallery-icon portrait'>\n\t\t\t\t<a href='http:\/\/heimatverein-wehrstedt.de\/wp\/?attachment_id=953'><img loading=\"lazy\" decoding=\"async\" width=\"141\" height=\"141\" src=\"http:\/\/heimatverein-wehrstedt.de\/wp\/wp-content\/uploads\/2013\/01\/IMG_4889-150x150.jpg\" class=\"attachment-thumbnail size-thumbnail\" alt=\"\" \/><\/a>\n\t\t\t<\/div><\/figure><figure class='gallery-item'>\n\t\t\t<div class='gallery-icon landscape'>\n\t\t\t\t<a href='http:\/\/heimatverein-wehrstedt.de\/wp\/?attachment_id=951'><img loading=\"lazy\" decoding=\"async\" width=\"141\" height=\"141\" src=\"http:\/\/heimatverein-wehrstedt.de\/wp\/wp-content\/uploads\/2013\/01\/IMG_4887-150x150.jpg\" class=\"attachment-thumbnail size-thumbnail\" alt=\"\" \/><\/a>\n\t\t\t<\/div><\/figure><figure class='gallery-item'>\n\t\t\t<div class='gallery-icon portrait'>\n\t\t\t\t<a href='http:\/\/heimatverein-wehrstedt.de\/wp\/?attachment_id=950'><img loading=\"lazy\" decoding=\"async\" width=\"141\" height=\"141\" src=\"http:\/\/heimatverein-wehrstedt.de\/wp\/wp-content\/uploads\/2013\/01\/IMG_4886-150x150.jpg\" class=\"attachment-thumbnail size-thumbnail\" alt=\"\" \/><\/a>\n\t\t\t<\/div><\/figure><figure class='gallery-item'>\n\t\t\t<div class='gallery-icon portrait'>\n\t\t\t\t<a href='http:\/\/heimatverein-wehrstedt.de\/wp\/?attachment_id=949'><img loading=\"lazy\" decoding=\"async\" width=\"141\" height=\"141\" src=\"http:\/\/heimatverein-wehrstedt.de\/wp\/wp-content\/uploads\/2013\/01\/IMG_4885-150x150.jpg\" class=\"attachment-thumbnail size-thumbnail\" alt=\"\" \/><\/a>\n\t\t\t<\/div><\/figure><figure class='gallery-item'>\n\t\t\t<div class='gallery-icon landscape'>\n\t\t\t\t<a href='http:\/\/heimatverein-wehrstedt.de\/wp\/?attachment_id=952'><img loading=\"lazy\" decoding=\"async\" width=\"141\" height=\"141\" src=\"http:\/\/heimatverein-wehrstedt.de\/wp\/wp-content\/uploads\/2013\/01\/IMG_4888-150x150.jpg\" class=\"attachment-thumbnail size-thumbnail\" alt=\"\" \/><\/a>\n\t\t\t<\/div><\/figure>\n\t\t<\/div>\n<br \/>\n<iframe loading=\"lazy\" src=\"http:\/\/www.youtube.com\/embed\/y2NznplQ8QY\" height=\"315\" width=\"560\" allowfullscreen=\"\" frameborder=\"0\"><\/iframe><\/p>\n","protected":false},"excerpt":{"rendered":"<p>Es ist wieder soweit! Gemeinsam wollen wir wieder kochen, essen &amp; genie\u00dfen und dort ankn\u00fcpfen wo wir das letzte Jahr aufgeh\u00f6rt haben. Diesmal wollen wir uns auf eine Reise durchs Schwaben L\u00e4ndle aufmachen und die kulinarischen Geschm\u00e4ckle kennenlernen. Dies ist der Auftakt von insgesamt vier Region\u00b4s &amp; Geschmacks Reisen durch Deutschland. Auf dem Speiseplan stehen: &hellip; <a href=\"http:\/\/heimatverein-wehrstedt.de\/wp\/?p=908\" class=\"more-link\"><span class=\"screen-reader-text\">Kulinarische Reise durch\u00b4s L\u00e4ndle<\/span> weiterlesen <span class=\"meta-nav\">&rarr;<\/span><\/a><\/p>\n","protected":false},"author":1,"featured_media":0,"comment_status":"closed","ping_status":"closed","sticky":false,"template":"","format":"standard","meta":{"footnotes":""},"categories":[1],"tags":[],"class_list":["post-908","post","type-post","status-publish","format-standard","hentry","category-allgemein"],"_links":{"self":[{"href":"http:\/\/heimatverein-wehrstedt.de\/wp\/index.php?rest_route=\/wp\/v2\/posts\/908","targetHints":{"allow":["GET"]}}],"collection":[{"href":"http:\/\/heimatverein-wehrstedt.de\/wp\/index.php?rest_route=\/wp\/v2\/posts"}],"about":[{"href":"http:\/\/heimatverein-wehrstedt.de\/wp\/index.php?rest_route=\/wp\/v2\/types\/post"}],"author":[{"embeddable":true,"href":"http:\/\/heimatverein-wehrstedt.de\/wp\/index.php?rest_route=\/wp\/v2\/users\/1"}],"replies":[{"embeddable":true,"href":"http:\/\/heimatverein-wehrstedt.de\/wp\/index.php?rest_route=%2Fwp%2Fv2%2Fcomments&post=908"}],"version-history":[{"count":6,"href":"http:\/\/heimatverein-wehrstedt.de\/wp\/index.php?rest_route=\/wp\/v2\/posts\/908\/revisions"}],"predecessor-version":[{"id":935,"href":"http:\/\/heimatverein-wehrstedt.de\/wp\/index.php?rest_route=\/wp\/v2\/posts\/908\/revisions\/935"}],"wp:attachment":[{"href":"http:\/\/heimatverein-wehrstedt.de\/wp\/index.php?rest_route=%2Fwp%2Fv2%2Fmedia&parent=908"}],"wp:term":[{"taxonomy":"category","embeddable":true,"href":"http:\/\/heimatverein-wehrstedt.de\/wp\/index.php?rest_route=%2Fwp%2Fv2%2Fcategories&post=908"},{"taxonomy":"post_tag","embeddable":true,"href":"http:\/\/heimatverein-wehrstedt.de\/wp\/index.php?rest_route=%2Fwp%2Fv2%2Ftags&post=908"}],"curies":[{"name":"wp","href":"https:\/\/api.w.org\/{rel}","templated":true}]}}