{"id":3116,"date":"2020-02-10T09:27:42","date_gmt":"2020-02-10T08:27:42","guid":{"rendered":"http:\/\/heimatverein-wehrstedt.de\/wp\/?p=3116"},"modified":"2020-02-10T09:27:42","modified_gmt":"2020-02-10T08:27:42","slug":"tagesfahrt-zum-weihnachtsmarkt-nach-fritzlar-am-12-12-2020","status":"publish","type":"post","link":"http:\/\/heimatverein-wehrstedt.de\/wp\/?p=3116","title":{"rendered":"Tagesfahrt zum Weihnachtsmarkt nach Fritzlar am 12.12.2020"},"content":{"rendered":"<p align=\"LEFT\"><span style=\"font-size: medium;\"><span style=\"font-family: Times New Roman, serif;\">Gemeinsam mit Ihnen m\u00f6chten wir dieses Jahr zum Weihnachtsmarkt nach Fritzlar reisen.<\/span><\/span><\/p>\n<p align=\"LEFT\"><span style=\"font-size: medium;\"><span style=\"font-family: Times New Roman, serif;\">Wir starten am Samstag, den 12. Dezember 2020 um 10:00 Uhr an der \u201eBushaltestelle an der Schmiede\u201c und einige Minuten sp\u00e4ter auch an der \u201eP\u00fclm Haltestelle\u201c<\/span><\/span><\/p>\n<p align=\"LEFT\"><span style=\"font-size: medium;\"><span style=\"font-family: Times New Roman, serif;\">In Fritzlar werden wir zun\u00e4chst zu einer kleinen Stadtf\u00fchrung erwartet. Anschlie\u00dfend besuchen wir den Weihnachtsmarkt in der Altstadt und in den H\u00f6fen.<\/span><\/span><\/p>\n<p align=\"LEFT\"><span style=\"font-size: medium;\"><span style=\"font-family: Times New Roman, serif;\">Besucher von Nah und Fern zieht es in die Dom- und Kaiserstadt, um von Hof zu Hof und von Scheune zu Scheune zu schlendern und die gem\u00fctlich, besinnliche Stimmung zu genie\u00dfen. Kunsthandwerk und Krippen, auch eine Kunstausstellung gibt es zu bestaunen. Das ein oder andere <\/span><\/span><\/p>\n<p align=\"LEFT\"><span style=\"font-size: medium;\"><span style=\"font-family: Times New Roman, serif;\">Weihnachtsgeschenk mag darunter sein. Gl\u00fchwein, Tee oder Kaffee, auch Cr\u00eapes oder ein St\u00fcck Kuchen finden sich auf den H\u00f6fen. Deftige Wurst, finnischen Feuerlachs oder Wildleberk\u00e4se und vieles mehr hat die Veranstaltung zu bieten. Ch\u00f6re und Bl\u00e4serensembles laden zu einem besonderen Advents-Bummel ein.<\/span><\/span><\/p>\n<p align=\"LEFT\"><span style=\"font-size: medium;\"><span style=\"font-family: Times New Roman, serif;\">Gegen 17:00 Uhr werden wir dann wieder die Heimreise antreten.<\/span><\/span><\/p>\n<p align=\"LEFT\"><span style=\"font-size: medium;\"><span style=\"font-family: Times New Roman, serif;\">Im Reisepreis von 36 \u20ac ist die Busfahrt und die Stadtf\u00fchrung enthalten<\/span><\/span><\/p>\n<p align=\"LEFT\"><span style=\"font-size: medium;\"><span style=\"font-family: Times New Roman, serif;\">Wir w\u00fcrden uns freuen wenn Sie auch 2020 mit uns einen sch\u00f6nen Tag erleben wollen.<\/span><\/span><\/p>\n<p align=\"LEFT\"><span style=\"font-size: medium;\"><span style=\"font-family: Times New Roman, serif;\">Anmeldungen unter:<\/span><\/span><\/p>\n<p align=\"LEFT\"><span style=\"font-size: medium;\"><span style=\"font-family: Times New Roman, serif;\">vorstand@heimatverein-wehrstedt.de <\/span><\/span><\/p>\n<p align=\"LEFT\"><span style=\"font-size: medium;\"><span style=\"font-family: Times New Roman, serif;\">oder unter 05063\/960316<\/span><\/span><\/p>\n","protected":false},"excerpt":{"rendered":"<p>Gemeinsam mit Ihnen m\u00f6chten wir dieses Jahr zum Weihnachtsmarkt nach Fritzlar reisen. Wir starten am Samstag, den 12. Dezember 2020 um 10:00 Uhr an der \u201eBushaltestelle an der Schmiede\u201c und einige Minuten sp\u00e4ter auch an der \u201eP\u00fclm Haltestelle\u201c In Fritzlar werden wir zun\u00e4chst zu einer kleinen Stadtf\u00fchrung erwartet. Anschlie\u00dfend besuchen wir den Weihnachtsmarkt in der &hellip; <a href=\"http:\/\/heimatverein-wehrstedt.de\/wp\/?p=3116\" class=\"more-link\"><span class=\"screen-reader-text\">Tagesfahrt zum Weihnachtsmarkt nach Fritzlar am 12.12.2020<\/span> weiterlesen <span class=\"meta-nav\">&rarr;<\/span><\/a><\/p>\n","protected":false},"author":1,"featured_media":0,"comment_status":"closed","ping_status":"closed","sticky":false,"template":"","format":"standard","meta":{"footnotes":""},"categories":[1],"tags":[],"class_list":["post-3116","post","type-post","status-publish","format-standard","hentry","category-allgemein"],"_links":{"self":[{"href":"http:\/\/heimatverein-wehrstedt.de\/wp\/index.php?rest_route=\/wp\/v2\/posts\/3116","targetHints":{"allow":["GET"]}}],"collection":[{"href":"http:\/\/heimatverein-wehrstedt.de\/wp\/index.php?rest_route=\/wp\/v2\/posts"}],"about":[{"href":"http:\/\/heimatverein-wehrstedt.de\/wp\/index.php?rest_route=\/wp\/v2\/types\/post"}],"author":[{"embeddable":true,"href":"http:\/\/heimatverein-wehrstedt.de\/wp\/index.php?rest_route=\/wp\/v2\/users\/1"}],"replies":[{"embeddable":true,"href":"http:\/\/heimatverein-wehrstedt.de\/wp\/index.php?rest_route=%2Fwp%2Fv2%2Fcomments&post=3116"}],"version-history":[{"count":1,"href":"http:\/\/heimatverein-wehrstedt.de\/wp\/index.php?rest_route=\/wp\/v2\/posts\/3116\/revisions"}],"predecessor-version":[{"id":3117,"href":"http:\/\/heimatverein-wehrstedt.de\/wp\/index.php?rest_route=\/wp\/v2\/posts\/3116\/revisions\/3117"}],"wp:attachment":[{"href":"http:\/\/heimatverein-wehrstedt.de\/wp\/index.php?rest_route=%2Fwp%2Fv2%2Fmedia&parent=3116"}],"wp:term":[{"taxonomy":"category","embeddable":true,"href":"http:\/\/heimatverein-wehrstedt.de\/wp\/index.php?rest_route=%2Fwp%2Fv2%2Fcategories&post=3116"},{"taxonomy":"post_tag","embeddable":true,"href":"http:\/\/heimatverein-wehrstedt.de\/wp\/index.php?rest_route=%2Fwp%2Fv2%2Ftags&post=3116"}],"curies":[{"name":"wp","href":"https:\/\/api.w.org\/{rel}","templated":true}]}}