{"id":2908,"date":"2015-02-23T18:07:41","date_gmt":"2015-02-23T17:07:41","guid":{"rendered":"http:\/\/heimatverein-wehrstedt.de\/wp\/?p=2908"},"modified":"2015-02-23T18:11:02","modified_gmt":"2015-02-23T17:11:02","slug":"tagesfahrt-2015","status":"publish","type":"post","link":"http:\/\/heimatverein-wehrstedt.de\/wp\/?p=2908","title":{"rendered":"Tagesfahrt 2015 &#8211; Wernigerode"},"content":{"rendered":"<p align=\"JUSTIFY\"><span style=\"font-family: 'Adobe Caslon Pro', serif;\"><span style=\"font-size: large;\">Am <b>Samstag, den 13.06.2015<\/b> m\u00f6chten wir gerne mit Ihnen gemeinsam einen sch\u00f6nen Tag erleben. Los geht es um <b>08:45 Uhr an der Haltestelle \u201eSchmiede\u201c<\/b> und kurz danach auch an der <b>\u201eP\u00fclm\u201c Haltestelle<\/b>.<\/span><\/span><\/p>\n<p align=\"JUSTIFY\"><span style=\"font-family: 'Adobe Caslon Pro', serif;\"><span style=\"font-size: large;\">Wir besuchen das Flugzeugmuseum in Wernigerode mit einer sehr au\u00dfergew\u00f6hnlichen Sammlung. \u00dcber 1000 Exponate und mehr als 50 Flugobjekte warten auf unseren Besuch. Nach dem Mittagessen in der Altstadt werden <\/span><\/span><\/p>\n<p align=\"JUSTIFY\"><span style=\"font-family: 'Adobe Caslon Pro', serif;\"><span style=\"font-size: large;\">wir zu einer Stadtf\u00fchrung erwartet. Der historische Stadtkern mit den aufwendig restaurierten und farbenfrohen Fachwerkh\u00e4usern tr\u00e4gt den Beinamen \u201eBunte Stadt am Harz\u201c. Diesen Namen pr\u00e4gte Hermann L\u00f6ns gegen Ende des 19ten Jahrhunderts. Nach einem Bummel in der Altstadt treten wir die Heimreise an.<\/span><\/span><\/p>\n<p align=\"JUSTIFY\"><span style=\"font-family: 'Adobe Caslon Pro', serif;\"><span style=\"font-size: large;\">R\u00fcckkehr in Wehrstedt wird gegen 18:30 Uhr sein.<\/span><\/span><\/p>\n<p align=\"JUSTIFY\"><span style=\"font-family: 'Adobe Caslon Pro', serif;\"><span style=\"font-size: large;\">Im Reisepreis von 40,00 \u20ac sind die Fahrt, Eintritt und F\u00fchrung im Museum, die Stadtf\u00fchrung und das Mittagessen inbegriffen. <\/span><\/span><\/p>\n<p align=\"JUSTIFY\"><span style=\"font-family: 'Adobe Caslon Pro', serif;\"><span style=\"font-size: large;\">Eine Kaffeepause kann jeder individuell nach der Stadtf\u00fchrung machen.<\/span><\/span><\/p>\n","protected":false},"excerpt":{"rendered":"<p>Am Samstag, den 13.06.2015 m\u00f6chten wir gerne mit Ihnen gemeinsam einen sch\u00f6nen Tag erleben. Los geht es um 08:45 Uhr an der Haltestelle \u201eSchmiede\u201c und kurz danach auch an der \u201eP\u00fclm\u201c Haltestelle. Wir besuchen das Flugzeugmuseum in Wernigerode mit einer sehr au\u00dfergew\u00f6hnlichen Sammlung. \u00dcber 1000 Exponate und mehr als 50 Flugobjekte warten auf unseren Besuch. &hellip; <a href=\"http:\/\/heimatverein-wehrstedt.de\/wp\/?p=2908\" class=\"more-link\"><span class=\"screen-reader-text\">Tagesfahrt 2015 &#8211; Wernigerode<\/span> weiterlesen <span class=\"meta-nav\">&rarr;<\/span><\/a><\/p>\n","protected":false},"author":1,"featured_media":0,"comment_status":"closed","ping_status":"closed","sticky":false,"template":"","format":"standard","meta":{"footnotes":""},"categories":[1],"tags":[],"class_list":["post-2908","post","type-post","status-publish","format-standard","hentry","category-allgemein"],"_links":{"self":[{"href":"http:\/\/heimatverein-wehrstedt.de\/wp\/index.php?rest_route=\/wp\/v2\/posts\/2908","targetHints":{"allow":["GET"]}}],"collection":[{"href":"http:\/\/heimatverein-wehrstedt.de\/wp\/index.php?rest_route=\/wp\/v2\/posts"}],"about":[{"href":"http:\/\/heimatverein-wehrstedt.de\/wp\/index.php?rest_route=\/wp\/v2\/types\/post"}],"author":[{"embeddable":true,"href":"http:\/\/heimatverein-wehrstedt.de\/wp\/index.php?rest_route=\/wp\/v2\/users\/1"}],"replies":[{"embeddable":true,"href":"http:\/\/heimatverein-wehrstedt.de\/wp\/index.php?rest_route=%2Fwp%2Fv2%2Fcomments&post=2908"}],"version-history":[{"count":2,"href":"http:\/\/heimatverein-wehrstedt.de\/wp\/index.php?rest_route=\/wp\/v2\/posts\/2908\/revisions"}],"predecessor-version":[{"id":2911,"href":"http:\/\/heimatverein-wehrstedt.de\/wp\/index.php?rest_route=\/wp\/v2\/posts\/2908\/revisions\/2911"}],"wp:attachment":[{"href":"http:\/\/heimatverein-wehrstedt.de\/wp\/index.php?rest_route=%2Fwp%2Fv2%2Fmedia&parent=2908"}],"wp:term":[{"taxonomy":"category","embeddable":true,"href":"http:\/\/heimatverein-wehrstedt.de\/wp\/index.php?rest_route=%2Fwp%2Fv2%2Fcategories&post=2908"},{"taxonomy":"post_tag","embeddable":true,"href":"http:\/\/heimatverein-wehrstedt.de\/wp\/index.php?rest_route=%2Fwp%2Fv2%2Ftags&post=2908"}],"curies":[{"name":"wp","href":"https:\/\/api.w.org\/{rel}","templated":true}]}}