{"id":2737,"date":"2014-01-17T17:43:44","date_gmt":"2014-01-17T16:43:44","guid":{"rendered":"http:\/\/heimatverein-wehrstedt.de\/wp\/?p=2737"},"modified":"2014-02-16T18:21:16","modified_gmt":"2014-02-16T17:21:16","slug":"jahreshauptversammlung-2014","status":"publish","type":"post","link":"http:\/\/heimatverein-wehrstedt.de\/wp\/?p=2737","title":{"rendered":"Jahreshauptversammlung 2014"},"content":{"rendered":"<p align=\"CENTER\"><span style=\"font-family: Arial Rounded MT Bold,sans-serif;\"><span style=\"font-size: large;\"><div id='gallery-1' class='gallery galleryid-2737 gallery-columns-3 gallery-size-thumbnail'><figure class='gallery-item'>\n\t\t\t<div class='gallery-icon landscape'>\n\t\t\t\t<a href='http:\/\/heimatverein-wehrstedt.de\/wp\/?attachment_id=2749'><img loading=\"lazy\" decoding=\"async\" width=\"141\" height=\"141\" src=\"http:\/\/heimatverein-wehrstedt.de\/wp\/wp-content\/uploads\/2014\/01\/IMG_2502-150x150.jpg\" class=\"attachment-thumbnail size-thumbnail\" alt=\"\" aria-describedby=\"gallery-1-2749\" \/><\/a>\n\t\t\t<\/div>\n\t\t\t\t<figcaption class='wp-caption-text gallery-caption' id='gallery-1-2749'>\n\t\t\t\tEhrung f\u00fcr 10. j\u00e4hrige Mitgliedschaft\n\t\t\t\t<\/figcaption><\/figure><figure class='gallery-item'>\n\t\t\t<div class='gallery-icon landscape'>\n\t\t\t\t<a href='http:\/\/heimatverein-wehrstedt.de\/wp\/?attachment_id=2750'><img loading=\"lazy\" decoding=\"async\" width=\"141\" height=\"141\" src=\"http:\/\/heimatverein-wehrstedt.de\/wp\/wp-content\/uploads\/2014\/01\/IMG_2508-150x150.jpg\" class=\"attachment-thumbnail size-thumbnail\" alt=\"\" aria-describedby=\"gallery-1-2750\" \/><\/a>\n\t\t\t<\/div>\n\t\t\t\t<figcaption class='wp-caption-text gallery-caption' id='gallery-1-2750'>\n\t\t\t\tEhrung f\u00fcr 25. j\u00e4hrige Mitgliedschaft\n\t\t\t\t<\/figcaption><\/figure><figure class='gallery-item'>\n\t\t\t<div class='gallery-icon landscape'>\n\t\t\t\t<a href='http:\/\/heimatverein-wehrstedt.de\/wp\/?attachment_id=2751'><img loading=\"lazy\" decoding=\"async\" width=\"141\" height=\"141\" src=\"http:\/\/heimatverein-wehrstedt.de\/wp\/wp-content\/uploads\/2014\/01\/IMG_2509-150x150.jpg\" class=\"attachment-thumbnail size-thumbnail\" alt=\"\" aria-describedby=\"gallery-1-2751\" \/><\/a>\n\t\t\t<\/div>\n\t\t\t\t<figcaption class='wp-caption-text gallery-caption' id='gallery-1-2751'>\n\t\t\t\tG\u00fcnter Raschke gratuliert Michael Hartmann zur Wiederwahl\n\t\t\t\t<\/figcaption><\/figure><figure class='gallery-item'>\n\t\t\t<div class='gallery-icon landscape'>\n\t\t\t\t<a href='http:\/\/heimatverein-wehrstedt.de\/wp\/?attachment_id=2752'><img loading=\"lazy\" decoding=\"async\" width=\"141\" height=\"141\" src=\"http:\/\/heimatverein-wehrstedt.de\/wp\/wp-content\/uploads\/2014\/01\/IMG_2511-150x150.jpg\" class=\"attachment-thumbnail size-thumbnail\" alt=\"\" aria-describedby=\"gallery-1-2752\" \/><\/a>\n\t\t\t<\/div>\n\t\t\t\t<figcaption class='wp-caption-text gallery-caption' id='gallery-1-2752'>\n\t\t\t\tVerabschiedung von Karla Rohnke, Ingrid Braunschweig und Gerhard Henjes aus dem Vorstand\n\t\t\t\t<\/figcaption><\/figure><figure class='gallery-item'>\n\t\t\t<div class='gallery-icon landscape'>\n\t\t\t\t<a href='http:\/\/heimatverein-wehrstedt.de\/wp\/?attachment_id=2753'><img loading=\"lazy\" decoding=\"async\" width=\"141\" height=\"141\" src=\"http:\/\/heimatverein-wehrstedt.de\/wp\/wp-content\/uploads\/2014\/01\/IMG_2518-150x150.jpg\" class=\"attachment-thumbnail size-thumbnail\" alt=\"\" aria-describedby=\"gallery-1-2753\" \/><\/a>\n\t\t\t<\/div>\n\t\t\t\t<figcaption class='wp-caption-text gallery-caption' id='gallery-1-2753'>\n\t\t\t\tDie Jugendlaienspielgruppe\n\t\t\t\t<\/figcaption><\/figure><figure class='gallery-item'>\n\t\t\t<div class='gallery-icon landscape'>\n\t\t\t\t<a href='http:\/\/heimatverein-wehrstedt.de\/wp\/?attachment_id=2754'><img loading=\"lazy\" decoding=\"async\" width=\"141\" height=\"141\" src=\"http:\/\/heimatverein-wehrstedt.de\/wp\/wp-content\/uploads\/2014\/01\/IMG_2521-150x150.jpg\" class=\"attachment-thumbnail size-thumbnail\" alt=\"\" aria-describedby=\"gallery-1-2754\" \/><\/a>\n\t\t\t<\/div>\n\t\t\t\t<figcaption class='wp-caption-text gallery-caption' id='gallery-1-2754'>\n\t\t\t\tDer &#8222;Neue&#8220; Vorstand des Heimatvereins\n\t\t\t\t<\/figcaption><\/figure>\n\t\t<\/div>\n<\/p>\n<p><\/span><\/span><\/p>\n<p align=\"CENTER\">\n<p align=\"CENTER\">Alle Foto\u00b4s mit freundlicher Genehmigung von G\u00fcnter St\u00fcrmer<\/p>\n<p align=\"CENTER\">\n<p align=\"CENTER\"><span style=\"font-family: Arial Rounded MT Bold,sans-serif;\"><span style=\"font-size: large;\">Jahreshauptversammlung <\/span><\/span><\/p>\n<p align=\"CENTER\"><span style=\"font-family: Arial Rounded MT Bold,sans-serif;\"><span style=\"font-size: large;\">am 15. Februar 2014 um 18.00 Uhr <span style=\"font-size: large;\">im Saal der Gastst\u00e4tte Ossenkop<\/span><\/span><\/span><\/p>\n<h3 lang=\"de-DE\">Tagesordnung<\/h3>\n<ol>\n<li>\n<p lang=\"de-DE\"><span style=\"font-size: medium;\">Er\u00f6ffnung und Begr\u00fc\u00dfung, sowie Feststellung der Beschlussf\u00e4higkeit<\/span><\/p>\n<\/li>\n<li>\n<p lang=\"de-DE\"><span style=\"font-size: medium;\">Antr\u00e4ge zur Jahreshauptversammlung sind schriftlich bis zum 04.02.2014 beim 1. Vorsitzenden einzureichen<\/span><\/p>\n<\/li>\n<li>\n<p lang=\"de-DE\"><span style=\"font-size: medium;\">Ehrung der verstorbenen Mitglieder<\/span><\/p>\n<\/li>\n<li>\n<p lang=\"de-DE\"><span style=\"font-size: medium;\">Gru\u00dfworte der G\u00e4ste<\/span><\/p>\n<\/li>\n<li>\n<p lang=\"de-DE\"><span style=\"font-size: medium;\">Protokollverlesung der Jahreshauptversammlung vom 16.02.2013<\/span><\/p>\n<\/li>\n<li>\n<p lang=\"de-DE\"><span style=\"font-size: medium;\">Ehrungen<\/span><\/p>\n<\/li>\n<li>\n<p lang=\"de-DE\"><span style=\"font-size: medium;\">Rechenschaftsberichte: <\/span><\/p>\n<\/li>\n<\/ol>\n<ul>\n<li>\n<p lang=\"de-DE\"><span style=\"font-size: medium;\">a) des Vorsitzenden<\/span><\/p>\n<\/li>\n<li><span style=\"font-size: medium;\">b) der Laienspieler<\/span><\/li>\n<li>\n<p lang=\"de-DE\"><span style=\"font-size: medium;\">c) der Jugendlaienspieler<\/span><\/p>\n<\/li>\n<li>\n<p lang=\"de-DE\"><span style=\"font-size: medium;\">d) der Wandergruppe<\/span><\/p>\n<\/li>\n<li>\n<p lang=\"de-DE\"><span style=\"font-size: medium;\">e) der Kochgruppe \u201eEssen-Kochen &amp; Genie\u00dfen\u201c<\/span><\/p>\n<\/li>\n<li>\n<p lang=\"de-DE\"><span style=\"font-size: medium;\">f) der Frauengruppe<\/span><\/p>\n<\/li>\n<li>\n<p lang=\"de-DE\"><span style=\"font-size: medium;\">g) des Spielkreises<\/span><\/p>\n<\/li>\n<li>\n<p lang=\"de-DE\"><span style=\"font-size: medium;\">h) der Schatzmeisterin<\/span><\/p>\n<\/li>\n<\/ul>\n<ol start=\"8\">\n<li>\n<p lang=\"de-DE\"><span style=\"font-size: medium;\">Bericht der Kassenpr\u00fcfer und Antrag auf Entlastung des Vorstandes<\/span><\/p>\n<\/li>\n<li>\n<p lang=\"de-DE\"><span style=\"font-size: medium;\">Aussprache zu den Berichten<\/span><\/p>\n<\/li>\n<li>\n<p lang=\"de-DE\"><span style=\"font-family: Times New Roman,serif;\"><span style=\"font-size: medium;\">Neuwahlen des gesamten Vorstandes<\/span><\/span><\/p>\n<\/li>\n<li>\n<p lang=\"de-DE\"><span style=\"font-family: Times New Roman,serif;\"><span style=\"font-size: medium;\">Neuwahlen der Beisitzer\/innen<\/span><\/span><\/p>\n<\/li>\n<li>\n<p lang=\"de-DE\"><span style=\"font-size: medium;\">Anfragen und Mitteilungen<\/span><\/p>\n<\/li>\n<li>\n<p lang=\"de-DE\"><span style=\"font-size: medium;\">Vorf\u00fchrung der Jugendlaienspielgruppe des Heimatverein Wehrstedt e.V.<\/span><\/p>\n<\/li>\n<\/ol>\n","protected":false},"excerpt":{"rendered":"<p>Alle Foto\u00b4s mit freundlicher Genehmigung von G\u00fcnter St\u00fcrmer Jahreshauptversammlung am 15. Februar 2014 um 18.00 Uhr im Saal der Gastst\u00e4tte Ossenkop Tagesordnung Er\u00f6ffnung und Begr\u00fc\u00dfung, sowie Feststellung der Beschlussf\u00e4higkeit Antr\u00e4ge zur Jahreshauptversammlung sind schriftlich bis zum 04.02.2014 beim 1. Vorsitzenden einzureichen Ehrung der verstorbenen Mitglieder Gru\u00dfworte der G\u00e4ste Protokollverlesung der Jahreshauptversammlung vom 16.02.2013 Ehrungen Rechenschaftsberichte: &hellip; <a href=\"http:\/\/heimatverein-wehrstedt.de\/wp\/?p=2737\" class=\"more-link\"><span class=\"screen-reader-text\">Jahreshauptversammlung 2014<\/span> weiterlesen <span class=\"meta-nav\">&rarr;<\/span><\/a><\/p>\n","protected":false},"author":1,"featured_media":0,"comment_status":"closed","ping_status":"closed","sticky":false,"template":"","format":"standard","meta":{"footnotes":""},"categories":[1],"tags":[],"class_list":["post-2737","post","type-post","status-publish","format-standard","hentry","category-allgemein"],"_links":{"self":[{"href":"http:\/\/heimatverein-wehrstedt.de\/wp\/index.php?rest_route=\/wp\/v2\/posts\/2737","targetHints":{"allow":["GET"]}}],"collection":[{"href":"http:\/\/heimatverein-wehrstedt.de\/wp\/index.php?rest_route=\/wp\/v2\/posts"}],"about":[{"href":"http:\/\/heimatverein-wehrstedt.de\/wp\/index.php?rest_route=\/wp\/v2\/types\/post"}],"author":[{"embeddable":true,"href":"http:\/\/heimatverein-wehrstedt.de\/wp\/index.php?rest_route=\/wp\/v2\/users\/1"}],"replies":[{"embeddable":true,"href":"http:\/\/heimatverein-wehrstedt.de\/wp\/index.php?rest_route=%2Fwp%2Fv2%2Fcomments&post=2737"}],"version-history":[{"count":6,"href":"http:\/\/heimatverein-wehrstedt.de\/wp\/index.php?rest_route=\/wp\/v2\/posts\/2737\/revisions"}],"predecessor-version":[{"id":2739,"href":"http:\/\/heimatverein-wehrstedt.de\/wp\/index.php?rest_route=\/wp\/v2\/posts\/2737\/revisions\/2739"}],"wp:attachment":[{"href":"http:\/\/heimatverein-wehrstedt.de\/wp\/index.php?rest_route=%2Fwp%2Fv2%2Fmedia&parent=2737"}],"wp:term":[{"taxonomy":"category","embeddable":true,"href":"http:\/\/heimatverein-wehrstedt.de\/wp\/index.php?rest_route=%2Fwp%2Fv2%2Fcategories&post=2737"},{"taxonomy":"post_tag","embeddable":true,"href":"http:\/\/heimatverein-wehrstedt.de\/wp\/index.php?rest_route=%2Fwp%2Fv2%2Ftags&post=2737"}],"curies":[{"name":"wp","href":"https:\/\/api.w.org\/{rel}","templated":true}]}}